{"id":1646,"date":"2020-08-26T23:44:57","date_gmt":"2020-08-27T02:44:57","guid":{"rendered":"https:\/\/sampahosting.com.br\/blog\/?p=1646"},"modified":"2020-08-30T22:33:00","modified_gmt":"2020-08-31T01:33:00","slug":"o-que-e-lgpd-voce-esta-pronto-para-a-lgpd-5-medidas-praticas","status":"publish","type":"post","link":"https:\/\/sampahosting.com.br\/blog\/o-que-e-lgpd-voce-esta-pronto-para-a-lgpd-5-medidas-praticas\/","title":{"rendered":"O que \u00e9 LGPD ? Voc\u00ea est\u00e1 pronto para a LGPD?   5 medidas pr\u00e1ticas"},"content":{"rendered":"<h1><\/h1>\n<h1 style=\"text-align: center;\"><span style=\"font-family: arial, helvetica, sans-serif;\"><strong>O que \u00e9 LGPD ?<\/strong><\/span><\/h1>\n<p>&nbsp;<\/p>\n<h2 class=\"title style-scope ytd-video-primary-info-renderer\" style=\"text-align: center;\">Voc\u00ea est\u00e1 pronto para a LGPD?<\/h2>\n<h2 class=\"title style-scope ytd-video-primary-info-renderer\" style=\"text-align: center;\">5 medidas pr\u00e1ticas<\/h2>\n<p>&nbsp;<\/p>\n<p>&nbsp;<\/p>\n<p><iframe loading=\"lazy\" title=\"Voc\u00ea est\u00e1 pronto para a LGPD? 5 medidas pr\u00e1ticas\" width=\"750\" height=\"422\" src=\"https:\/\/www.youtube.com\/embed\/eTNwBGaOd0g?feature=oembed\" frameborder=\"0\" allow=\"accelerometer; autoplay; encrypted-media; gyroscope; picture-in-picture\" allowfullscreen><\/iframe><\/p>\n<p>&nbsp;<\/p>\n<h2 style=\"text-align: center;\"><span style=\"font-family: arial, helvetica, sans-serif;\"><strong>Lei sancionada hoje pelo senado<\/strong><\/span><\/h2>\n<p>&nbsp;<\/p>\n<p style=\"text-align: justify;\">Hoje foi aprovada pelo senado a\u00a0<strong><em>Lei Geral de Prote\u00e7\u00e3o de Dados<\/em><\/strong> <em>c<\/em>onhecida como <strong>LGPD. <\/strong>Ela foi aprovada finalmente hoje. O Senado Federal aprovou nesta quarta-feira (26) a vig\u00eancia da LGPD (), que cuidar\u00e1 do tratamento de dados pessoais dos brasileiros, incluindo os acessados e compartilhados na internet. Assim, a MP tornou-se o PLC (Projeto de Lei de Convers\u00e3o) 34\/2020 e agora vai para a san\u00e7\u00e3o do presidente Jair Bolsonaro.<\/p>\n<p>&nbsp;<\/p>\n<h2 style=\"text-align: center;\"><strong><span style=\"font-family: arial, helvetica, sans-serif;\">Lei similar a uni\u00e3o Europeia<\/span> <\/strong><\/h2>\n<p>&nbsp;<\/p>\n<p style=\"text-align: justify;\">A lei de prote\u00e7\u00e3o de dados e privacidade ( <strong>GDPR<\/strong> ) foi emitida pelo primeiramente pelo Parlamento da Uni\u00e3o Europeia em abril de 2016. Essa lei foi implementada em maio de 2018.<\/p>\n<p style=\"text-align: justify;\">A\u00a0<strong>GDPR<\/strong> tenta proteger as informa\u00e7\u00f5es de Identifica\u00e7\u00e3o Pessoal (IIP) dos usu\u00e1rios de internet em todos os pa\u00edses na Uni\u00e3o Europeia. Ela permite que as pessoas morando naquele continente fiquem no controle dos seus dados pessoais, tenham privacidade e decidam se permitem que esses dados sejam usados por terceiros.<\/p>\n<p style=\"text-align: justify;\">Em nosso pa\u00eds a <strong>LGPD<\/strong> tenta fazer o mesmo no Brasil, visando proteger a privacidade e dados pessoais dos usu\u00e1rios. Como o adiamento foi derrubado, a primeira informa\u00e7\u00e3o passada pela assessoria de imprensa do Senado era de que a <strong>LGPD<\/strong> passaria a valer j\u00e1 a partir desta quinta-feira (27), com ou sem a san\u00e7\u00e3o do presidente. No entanto, especialistas divergem sobre quando a lei entraria em vigor: se a partir de amanh\u00e3, retroagindo no dia 14\/08, ou se somente ap\u00f3s a san\u00e7\u00e3o, que pode ocorrer em at\u00e9 15 dias \u00fateis ap\u00f3s recebimento do projeto na Casa Civil.<\/p>\n<p>&nbsp;<\/p>\n<h2 style=\"text-align: center;\"><span style=\"font-family: arial, helvetica, sans-serif;\"><strong>Aviso importante para as empresas<\/strong> <\/span><\/h2>\n<p>&nbsp;<\/p>\n<p style=\"text-align: justify;\">\u00c9 muito importante que os sites que trabalham com capta\u00e7\u00e3o dos dados dos clientes, quer por meios de formul\u00e1rios como entre outros e at\u00e9 cookies, estejam inteirados da nova lei e j\u00e1 tenham os seus sites habilitados com as recomenda\u00e7\u00f5es que a lei traz.\u00a0 Muitos sites est\u00e3o desatualizados e outros est\u00e3o em HTML ( <strong><em>sites em HTML n\u00e3o est\u00e3o aptos a cumprir a lei da forma exigida porque n\u00e3o s\u00e3o capazes de armazenar dados dos visitantes. Tais precisam migrar para uma plataforma que possa atender aos requerimentos da lei<\/em> <\/strong>).<\/p>\n<p style=\"text-align: justify;\">Caso a sua empresa precise de ajuda para que possa estar dentro da <strong><em>Lei Geral de Prote\u00e7\u00e3o de Dados\u00a0<\/em><\/strong>por favor entre em contato conosco.\u00a0 Muitos clientes precisam ou migrar o site para uma nova plataforma que possa atender aos requisitos exigidos por lei ( <em>como o WordPress por exemplo<\/em> ) ou precisar\u00e1 atualizar a sua plataforma para que possa disponibilizar uma notifica\u00e7\u00e3o ao usu\u00e1rio que visita o site que h\u00e1 uma captura de cookies e outras informa\u00e7\u00f5es para melhor experi\u00eancia na navega\u00e7\u00e3o.<\/p>\n<p style=\"text-align: justify;\">Lembramos que n\u00e3o se trata apenas de colocar um aviso na frente do site, mas \u00e9 necess\u00e1rio inserir um sistema que possa trabalhar com logs ( <strong>hist\u00f3ricos<\/strong> ) de cada visitante que <strong>declinou<\/strong> ou <strong>aceitou<\/strong> navegar no site. Isto \u00e9 exigido por lei tanto para prote\u00e7\u00e3o do propriet\u00e1rio como para quem est\u00e1 acessando em caso de processo contra a empresa.<\/p>\n<p style=\"text-align: justify;\">Basicamente, essas s\u00e3o algumas das informa\u00e7\u00f5es principais para que voc\u00ea possa ter uma ideia sobre o que precisar\u00e1 mudar para se adequar a nova lei <strong>LGPD<\/strong> sancionada hoje. Caso haja alguma d\u00favida sobre alguma coisa que n\u00e3o explicamos aqui neste artigo ou que voc\u00ea n\u00e3o compreendeu direito, sinta-se livre para entrar em contato e esclarecer.<\/p>\n<p>&nbsp;<\/p>\n<p>&nbsp;<\/p>\n<p>&nbsp;<\/p>\n<p><span class=\"wpgdprc-pre\">[wpgdprc_consents_settings_link]<\/span><\/p>\n<p><span class=\"wpgdprc-pre\">[wpgdprc_access_request_form]<\/span><\/p>\n<p>&nbsp;<\/p>\n<p>&nbsp;<\/p>\n<p>&nbsp;<\/p>\n<p>Fonte parcial: <a href=\"https:\/\/www.uol.com.br\/tilt\/noticias\/redacao\/2020\/08\/26\/senado-aprova-mp-959-mas-remove-artigo-4-e-lgpd-entra-em-vigencia-amanha.htm\" target=\"_blank\" rel=\"noopener noreferrer\">Uol<\/a><\/p>\n<p><strong>Equipe de suporte \u2013 Central de suporte <\/strong><br \/>\n<strong>High Speed Web Hosting <\/strong><br \/>\n<a class=\"autoLinked\" href=\"https:\/\/www.facebook.com\/sampahost\" target=\"_blank\" rel=\"noreferrer noopener\">www.facebook.com\/sampahost<\/a><br \/>\nTwitter: @sampa_hosting<br \/>\nSkype ID: comercialsampa<\/p>\n<p>Blog: blog@sampahosting.com.br<\/p>\n<p>&nbsp;<\/p>\n","protected":false},"excerpt":{"rendered":"<p>O que \u00e9 LGPD ? &nbsp; Voc\u00ea est\u00e1 pronto para a LGPD? 5 medidas pr\u00e1ticas &nbsp; &nbsp; &nbsp; Lei sancionada hoje pelo senado &nbsp; Hoje foi aprovada pelo senado a\u00a0Lei Geral de Prote\u00e7\u00e3o de Dados conhecida como LGPD. Ela foi<\/p>\n","protected":false},"author":1,"featured_media":1648,"comment_status":"open","ping_status":"open","sticky":false,"template":"","format":"standard","meta":{"footnotes":""},"categories":[260],"tags":[1488,1489,1487,1486],"class_list":["post-1646","post","type-post","status-publish","format-standard","has-post-thumbnail","hentry","category-aviso-importante","tag-gdpr","tag-lei-de-protecao-de-dados-e-privacidade","tag-lei-geral-de-protecao-de-dados","tag-lgpd"],"_links":{"self":[{"href":"https:\/\/sampahosting.com.br\/blog\/wp-json\/wp\/v2\/posts\/1646","targetHints":{"allow":["GET"]}}],"collection":[{"href":"https:\/\/sampahosting.com.br\/blog\/wp-json\/wp\/v2\/posts"}],"about":[{"href":"https:\/\/sampahosting.com.br\/blog\/wp-json\/wp\/v2\/types\/post"}],"author":[{"embeddable":true,"href":"https:\/\/sampahosting.com.br\/blog\/wp-json\/wp\/v2\/users\/1"}],"replies":[{"embeddable":true,"href":"https:\/\/sampahosting.com.br\/blog\/wp-json\/wp\/v2\/comments?post=1646"}],"version-history":[{"count":0,"href":"https:\/\/sampahosting.com.br\/blog\/wp-json\/wp\/v2\/posts\/1646\/revisions"}],"wp:featuredmedia":[{"embeddable":true,"href":"https:\/\/sampahosting.com.br\/blog\/wp-json\/wp\/v2\/media\/1648"}],"wp:attachment":[{"href":"https:\/\/sampahosting.com.br\/blog\/wp-json\/wp\/v2\/media?parent=1646"}],"wp:term":[{"taxonomy":"category","embeddable":true,"href":"https:\/\/sampahosting.com.br\/blog\/wp-json\/wp\/v2\/categories?post=1646"},{"taxonomy":"post_tag","embeddable":true,"href":"https:\/\/sampahosting.com.br\/blog\/wp-json\/wp\/v2\/tags?post=1646"}],"curies":[{"name":"wp","href":"https:\/\/api.w.org\/{rel}","templated":true}]}}